{"id":1160,"date":"2021-03-18T20:21:23","date_gmt":"2021-03-18T19:21:23","guid":{"rendered":"http:\/\/www.editions-label-ln.com\/?p=1160"},"modified":"2021-03-18T21:15:39","modified_gmt":"2021-03-18T20:15:39","slug":"1914-1959-histoire-dune-commune-leonarde-ploudalmezeau-portsall","status":"publish","type":"post","link":"http:\/\/www.editions-label-ln.com\/?p=1160","title":{"rendered":"1914-1959 Histoire d\u2019une commune l\u00e9onarde Ploudalm\u00e9zeau-Portsall"},"content":{"rendered":"<p><em>par Herv\u00e9 Farrant<\/em><\/p>\n<p><a href=\"http:\/\/www.editions-label-ln.com\/wp-content\/uploads\/2021\/03\/farrant2.png\"><img loading=\"lazy\" decoding=\"async\" class=\"alignleft size-medium wp-image-1164\" alt=\"farrant2\" src=\"http:\/\/www.editions-label-ln.com\/wp-content\/uploads\/2021\/03\/farrant2-203x300.png\" width=\"203\" height=\"300\" srcset=\"http:\/\/www.editions-label-ln.com\/wp-content\/uploads\/2021\/03\/farrant2-203x300.png 203w, http:\/\/www.editions-label-ln.com\/wp-content\/uploads\/2021\/03\/farrant2-696x1024.png 696w, http:\/\/www.editions-label-ln.com\/wp-content\/uploads\/2021\/03\/farrant2.png 1136w\" sizes=\"auto, (max-width: 203px) 100vw, 203px\" \/><\/a>La parution en 2012 du livre <em>1939-1945 L\u2019Occupation \u00e0 Ploudalm\u00e9zeau-Portsall \u2013 ou l\u2019action d\u2019Yves Stanguennec secr\u00e9taire de mairie \u2013<\/em> a suscit\u00e9 une r\u00e9elle vague de curiosit\u00e9 du public pour la grande et la petite histoire de Ploudalm\u00e9zeau.<br \/>\nCe nouvel ouvrage, enrichi d\u2019une vaste collection de t\u00e9moignages et d\u2019archives priv\u00e9es, \u00e9maill\u00e9 d\u2019anecdotes pittoresques et de faits divers, nous restitue l\u2019atmosph\u00e8re d\u2019une \u00e9poque r\u00e9volue.<br \/>\nPers\u00e9v\u00e9rant, l\u2019auteur ouvre la bo\u00eete de Pandore de la captivante et truculente histoire de la<br \/>\ncommune de Ploudalm\u00e9zeau-Portsall et nous renvoie de m\u00e9moire en m\u00e9moire aux souvenirs des ann\u00e9es de la premi\u00e8re moiti\u00e9 du si\u00e8cle dernier.<br \/>\nIl \u00e9voque la vie quotidienne des hommes et des femmes de ce coin du L\u00e9on. Il d\u00e9taille sans tabou la Grande Guerre, la vie politique et ses \u00e9lections, les loisirs avec le patronage des <em>Arzelliz<\/em>, la marche du progr\u00e8s avec l\u2019arriv\u00e9e de l\u2019\u00e9lectricit\u00e9, de l\u2019eau potable ou du populaire train-patates, Portsall et le monde maritime avec ses marins-p\u00eacheurs et sa station de sauvetage, la vie religieuse et la mainmise de l\u2019\u00c9glise, les c\u00e9l\u00e9brit\u00e9s locales, les ann\u00e9es tragiques de l\u2019occupation allemande, la Lib\u00e9ration et l\u2019apr\u00e8s-guerre.<br \/>\nUn travail r\u00e9alis\u00e9 sans complaisance et sans <em>a priori<\/em>.<\/p>\n<p>Contient 280 photos dont un cahier couleur de 24 pages.<\/p>\n<p><strong>ISBN<\/strong> : 978-2-915915-46-6<strong><br \/>\n<\/strong><strong>EAN<\/strong> : 9782915915464<strong><br \/>\n<\/strong><strong>D\u00e9p\u00f4t l\u00e9gal<\/strong> : f\u00e9vrier 2021<strong><br \/>\n<\/strong><strong>Format<\/strong> : Dos carr\u00e9 coll\u00e9 \u2013 276 pages<strong><br \/>\n<\/strong><strong>Dimensions<\/strong> (en cm) : 20,5 x 29,5<strong><br \/>\n<\/strong><strong>Prix TTC<\/strong> : 26 \u20ac<\/p>\n<p><!--more--><\/p>\n<p><img decoding=\"async\" title=\"Lire la suite\u2026\" alt=\"\" src=\"http:\/\/www.editions-label-ln.com\/wp-includes\/js\/tinymce\/plugins\/wordpress\/img\/trans.gif\" \/><\/p>\n<p><strong><em><em><strong>Table des mati\u00e8res<\/strong><\/em><\/em><\/strong><\/p>\n<p>Introduction<br \/>\nLa guerre de 1914-1918<br \/>\nInauguration du monument aux morts<br \/>\nLes associations patriotiques locales<br \/>\nC\u00e9r\u00e9monie militaire au bourg<br \/>\nLa vie politique locale<br \/>\n<em>Jules Fortin<\/em><br \/>\n<em> Les \u00e9lections municipales de 1919 et les \u00e9lections cantonales de 1922<\/em><br \/>\n<em> Le Parti socialiste \u00e0 Ploudalm\u00e9zeau<\/em><br \/>\n<em> La riposte catholique de 1924<\/em><br \/>\n<em> Les \u00e9lections municipales de mai 1925<\/em><br \/>\n<em> La vie politique de 1928 \u00e0 1937<\/em><br \/>\nLes marins-p\u00eacheurs de Portsall<br \/>\nLa coop\u00e9rative portsallaise<br \/>\nLes go\u00e9moniers<br \/>\nLes bals<br \/>\nLa lutte contre la tuberculose<br \/>\nL\u2019aventure \u00e9lectrique<br \/>\nL\u2019eau potable<br \/>\nLa justice de paix<br \/>\nLa taxe d\u2019abattage<br \/>\nL\u2019aventure ferroviaire<br \/>\nLes \u00e9coles la\u00efques et confessionnelles<br \/>\nPloudalm\u00e9zeau, terre de pr\u00eatres<br \/>\nBr\u00e8ves chroniques de la vie religieuse locale<br \/>\nLe cin\u00e9ma<br \/>\nLes cong\u00e9s pay\u00e9s<br \/>\nLa soci\u00e9t\u00e9 hippique rurale<br \/>\nPetite histoire des <em>Arzelliz<\/em><br \/>\nLa vie militaire<br \/>\n<em>L\u2019inoubliable conseil de r\u00e9vision<\/em><br \/>\n<em> Man\u0153uvre militaire<\/em><br \/>\n<em> La pr\u00e9paration militaire<\/em><br \/>\nLa brigade de gendarmerie<br \/>\nFaits divers et scandales, incendies et meurtres<br \/>\nLe mouvement D\u00e9fense paysanne et la Jeunesse agricole chr\u00e9tienne<br \/>\nQuelques c\u00e9l\u00e9brit\u00e9s locales<br \/>\n<em>Yves Prigent, centenaire des Fran\u00e7ais<\/em><br \/>\n<em> Monseigneur Jean-Marie Raoul<\/em><br \/>\n<em> Yves Colin<\/em><br \/>\n<em> Le m\u00e9decin-g\u00e9n\u00e9ral Maurice Labb\u00e9<\/em><br \/>\n<em> Nathalie Douillard<\/em><br \/>\n<em> Andr\u00e9 M\u00e9riel-Bussy<\/em><br \/>\nLa vie continue<br \/>\nLes r\u00e9fugi\u00e9s espagnols<br \/>\nL\u2019ann\u00e9e 1937<br \/>\nL\u2019ann\u00e9e 1938<br \/>\nLe drame de Munich<br \/>\nL\u2019ann\u00e9e 1939<br \/>\nLa d\u00e9natalit\u00e9 du pays<br \/>\nLa d\u00e9claration de guerre<br \/>\nLes d\u00e9buts de l\u2019occupation allemande<br \/>\nLes prisonniers de guerre<br \/>\nLes nationalistes bretons<br \/>\nLes marins-p\u00eacheurs portsallais sous la botte allemande<br \/>\nLa p\u00e9nurie alimentaire<br \/>\nLe Secours national<br \/>\nLes ann\u00e9es sombres de l\u2019occupation allemande : 1940 \u00e0 1943<br \/>\nL\u2019ann\u00e9e 1944<br \/>\nLe comit\u00e9 local de Lib\u00e9ration et la D\u00e9l\u00e9gation sp\u00e9ciale<br \/>\nL\u2019ann\u00e9e 1945<br \/>\nLes \u00e9lections cantonales et municipales d\u2019apr\u00e8s-guerre<br \/>\nRetour \u00e0 la vie<br \/>\nL\u2019avenir de la station de sauvetage de Portsall<br \/>\nLa situation \u00e9conomique<br \/>\nLes ann\u00e9es d\u2019apr\u00e8s-guerre<br \/>\nListe des Ploudalm\u00e9ziens d\u00e9clar\u00e9s morts pour la France de 1939 \u00e0 1962<br \/>\nAnnexes (deux lettres de Grannec \u00e9voquant les relations entre les anciens r\u00e9sistants et la municipalit\u00e9)<br \/>\nRemerciements<br \/>\nSources et orientations bibliographiques<\/p>\n","protected":false},"excerpt":{"rendered":"<p>par Herv\u00e9 Farrant La parution en 2012 du livre 1939-1945 L\u2019Occupation \u00e0 Ploudalm\u00e9zeau-Portsall \u2013 ou l\u2019action d\u2019Yves Stanguennec secr\u00e9taire de mairie \u2013 a suscit\u00e9 une r\u00e9elle vague de curiosit\u00e9 du public pour la grande et la petite histoire de Ploudalm\u00e9zeau. Ce nouvel ouvrage, enrichi d\u2019une vaste collection de t\u00e9moignages et d\u2019archives priv\u00e9es, \u00e9maill\u00e9 d\u2019anecdotes pittoresques [&hellip;]<\/p>\n","protected":false},"author":1,"featured_media":0,"comment_status":"closed","ping_status":"open","sticky":false,"template":"","format":"standard","meta":{"footnotes":""},"categories":[2],"tags":[10,28,12,40,41],"class_list":["post-1160","post","type-post","status-publish","format-standard","hentry","category-histoire-et-patrimoine","tag-bretagne","tag-finistere","tag-histoire","tag-ploudalmezeau","tag-portsall"],"_links":{"self":[{"href":"http:\/\/www.editions-label-ln.com\/index.php?rest_route=\/wp\/v2\/posts\/1160","targetHints":{"allow":["GET"]}}],"collection":[{"href":"http:\/\/www.editions-label-ln.com\/index.php?rest_route=\/wp\/v2\/posts"}],"about":[{"href":"http:\/\/www.editions-label-ln.com\/index.php?rest_route=\/wp\/v2\/types\/post"}],"author":[{"embeddable":true,"href":"http:\/\/www.editions-label-ln.com\/index.php?rest_route=\/wp\/v2\/users\/1"}],"replies":[{"embeddable":true,"href":"http:\/\/www.editions-label-ln.com\/index.php?rest_route=%2Fwp%2Fv2%2Fcomments&post=1160"}],"version-history":[{"count":14,"href":"http:\/\/www.editions-label-ln.com\/index.php?rest_route=\/wp\/v2\/posts\/1160\/revisions"}],"predecessor-version":[{"id":1162,"href":"http:\/\/www.editions-label-ln.com\/index.php?rest_route=\/wp\/v2\/posts\/1160\/revisions\/1162"}],"wp:attachment":[{"href":"http:\/\/www.editions-label-ln.com\/index.php?rest_route=%2Fwp%2Fv2%2Fmedia&parent=1160"}],"wp:term":[{"taxonomy":"category","embeddable":true,"href":"http:\/\/www.editions-label-ln.com\/index.php?rest_route=%2Fwp%2Fv2%2Fcategories&post=1160"},{"taxonomy":"post_tag","embeddable":true,"href":"http:\/\/www.editions-label-ln.com\/index.php?rest_route=%2Fwp%2Fv2%2Ftags&post=1160"}],"curies":[{"name":"wp","href":"https:\/\/api.w.org\/{rel}","templated":true}]}}