{"id":422,"date":"2013-07-09T12:43:32","date_gmt":"2013-07-09T11:43:32","guid":{"rendered":"http:\/\/www.editions-label-ln.com\/?p=422"},"modified":"2013-09-24T22:46:18","modified_gmt":"2013-09-24T21:46:18","slug":"choix-de-surnoms-bretons-du-pays-vannetais","status":"publish","type":"post","link":"http:\/\/www.editions-label-ln.com\/?p=422","title":{"rendered":"Choix de surnoms bretons du Pays vannetais"},"content":{"rendered":"<p><em>par Mikael Madeg<\/em><\/p>\n<p><a href=\"http:\/\/www.editions-label-ln.com\/wp-content\/uploads\/2013\/07\/madec.png\"><img loading=\"lazy\" decoding=\"async\" class=\"alignleft size-medium wp-image-421\" alt=\"madec\" src=\"http:\/\/www.editions-label-ln.com\/wp-content\/uploads\/2013\/07\/madec-203x300.png\" width=\"203\" height=\"300\" srcset=\"http:\/\/www.editions-label-ln.com\/wp-content\/uploads\/2013\/07\/madec-203x300.png 203w, http:\/\/www.editions-label-ln.com\/wp-content\/uploads\/2013\/07\/madec.png 394w\" sizes=\"auto, (max-width: 203px) 100vw, 203px\" \/><\/a>illustr\u00e9s de dessins humoristiques de Ren\u00e9 Le Honzec<\/p>\n<p>Une selection de 300 surnoms en breton du Pays vannetais par le sp\u00e9cialiste de la question en Bretagne.<\/p>\n<p><strong>ISBN<\/strong> : 2-915915-04-0<br \/>\n<strong>EAN<\/strong> : 9782915915044<br \/>\n<strong>D\u00e9p\u00f4t l\u00e9gal<\/strong> : novembre 2005<br \/>\n<strong>Format<\/strong> : Dos carr\u00e9 coll\u00e9 &#8211; 130 pages<br \/>\n<strong>Dimensions<\/strong> (en cm) : 14,5 x 20,5<br \/>\n<strong>Prix TTC<\/strong> : 11 \u20ac<\/p>\n","protected":false},"excerpt":{"rendered":"<p>par Mikael Madeg illustr\u00e9s de dessins humoristiques de Ren\u00e9 Le Honzec Une selection de 300 surnoms en breton du Pays vannetais par le sp\u00e9cialiste de la question en Bretagne. ISBN : 2-915915-04-0 EAN : 9782915915044 D\u00e9p\u00f4t l\u00e9gal : novembre 2005 Format : Dos carr\u00e9 coll\u00e9 &#8211; 130 pages Dimensions (en cm) : 14,5 x 20,5 [&hellip;]<\/p>\n","protected":false},"author":1,"featured_media":0,"comment_status":"closed","ping_status":"open","sticky":false,"template":"","format":"standard","meta":{"footnotes":""},"categories":[2],"tags":[10,42,7,31],"class_list":["post-422","post","type-post","status-publish","format-standard","hentry","category-histoire-et-patrimoine","tag-bretagne","tag-breton","tag-langue-bretonne","tag-morbihan"],"_links":{"self":[{"href":"http:\/\/www.editions-label-ln.com\/index.php?rest_route=\/wp\/v2\/posts\/422","targetHints":{"allow":["GET"]}}],"collection":[{"href":"http:\/\/www.editions-label-ln.com\/index.php?rest_route=\/wp\/v2\/posts"}],"about":[{"href":"http:\/\/www.editions-label-ln.com\/index.php?rest_route=\/wp\/v2\/types\/post"}],"author":[{"embeddable":true,"href":"http:\/\/www.editions-label-ln.com\/index.php?rest_route=\/wp\/v2\/users\/1"}],"replies":[{"embeddable":true,"href":"http:\/\/www.editions-label-ln.com\/index.php?rest_route=%2Fwp%2Fv2%2Fcomments&post=422"}],"version-history":[{"count":5,"href":"http:\/\/www.editions-label-ln.com\/index.php?rest_route=\/wp\/v2\/posts\/422\/revisions"}],"predecessor-version":[{"id":664,"href":"http:\/\/www.editions-label-ln.com\/index.php?rest_route=\/wp\/v2\/posts\/422\/revisions\/664"}],"wp:attachment":[{"href":"http:\/\/www.editions-label-ln.com\/index.php?rest_route=%2Fwp%2Fv2%2Fmedia&parent=422"}],"wp:term":[{"taxonomy":"category","embeddable":true,"href":"http:\/\/www.editions-label-ln.com\/index.php?rest_route=%2Fwp%2Fv2%2Fcategories&post=422"},{"taxonomy":"post_tag","embeddable":true,"href":"http:\/\/www.editions-label-ln.com\/index.php?rest_route=%2Fwp%2Fv2%2Ftags&post=422"}],"curies":[{"name":"wp","href":"https:\/\/api.w.org\/{rel}","templated":true}]}}