{"id":78,"date":"2013-07-09T16:45:09","date_gmt":"2013-07-09T15:45:09","guid":{"rendered":"http:\/\/www.editions-label-ln.com\/?p=78"},"modified":"2017-04-28T18:20:59","modified_gmt":"2017-04-28T17:20:59","slug":"reves-de-pierre","status":"publish","type":"post","link":"http:\/\/www.editions-label-ln.com\/?p=78","title":{"rendered":"R\u00eaves de pierre"},"content":{"rendered":"<p><em><\/em><em><\/em><em>par Jean-Pierre Blaise &amp; Olivier Cousin<\/em><\/p>\n<p><a href=\"http:\/\/www.editions-label-ln.com\/wp-content\/uploads\/2013\/07\/reves.png\"><img loading=\"lazy\" decoding=\"async\" class=\"alignleft size-medium wp-image-164\" alt=\"reves\" src=\"http:\/\/www.editions-label-ln.com\/wp-content\/uploads\/2013\/07\/reves-195x300.png\" width=\"195\" height=\"300\" srcset=\"http:\/\/www.editions-label-ln.com\/wp-content\/uploads\/2013\/07\/reves-195x300.png 195w, http:\/\/www.editions-label-ln.com\/wp-content\/uploads\/2013\/07\/reves.png 445w\" sizes=\"auto, (max-width: 195px) 100vw, 195px\" \/><\/a>Pr\u00e9face de Josick Peuziat<\/p>\n<p>\u00c0 travers estampes en taille douce, po\u00e8mes, photographies et notices techniques, entre r\u00eaverie et inventaire patrimonial, Jean-Pierre Blaise et Olivier Cousin vous invitent \u00e0 d\u00e9couvrir la richesse des navires sculpt\u00e9s sur les \u00e9di\ufb01ces du littoral breton.\u2028 Contient 27 reproductions de gravures en noir &amp; blanc ou couleur\u00a0et 62 photographies en noir &amp; blanc.<\/p>\n<p><strong>\u2028ISBN<\/strong> : 978-2-915915-23-7<br \/>\n<strong>EAN<\/strong> : 9782915915235<br \/>\n<strong>D\u00e9p\u00f4t l\u00e9gal<\/strong> : ao\u00fbt 2008<br \/>\n<strong>\u2028Format<\/strong> : Dos carr\u00e9 coll\u00e9 \u2013 118 pages<br \/>\n<strong>Dimensions<\/strong> (en cm) : 20,6 x 29,3<br \/>\n<strong>Prix TTC<\/strong> : 22 \u20ac<br \/>\n&nbsp;<\/p>\n<p><!--more--><\/p>\n<p><strong>Index des \u00e9difices :<\/strong><\/p>\n<p>Audierne, \u00e9glise Saint-Raymond<br \/>\nCl\u00e9den-Cap-Sizun, chapelle Saint-Tr\u00e9meur<br \/>\nCl\u00e9den-Cap-Sizun, \u00e9glise Saint-Clet<br \/>\nConfort-Meilars, \u00e9glise Notre-Dame de Confort<br \/>\nDouarnenez, chapelle Sainte-H\u00e9l\u00e8ne<br \/>\nGoulien, \u00e9glise Saint-Goulven<br \/>\nL\u2019Aber-Wrac\u2019h en Land\u00e9da, couvent des Cordeliers<br \/>\nMorlaix, fontaine du Styvell<br \/>\nPenmarc\u2019h, chapelle de La Madeleine<br \/>\nPenmarc\u2019h, chapelle Notre-Dame-de-la-Joie<br \/>\nPenmarc\u2019h, \u00e9glise Saint-Nonna<br \/>\nSaint-Gu\u00e9nol\u00e9 en Penmarc\u2019h, \u00e9glise Saint-Gu\u00e9nol\u00e9<br \/>\nPloar\u00e9, \u00e9glise Saint-Herl\u00e9<br \/>\nPlogoff, chapelle Saint-Yves<br \/>\nPlogoff, \u00e9glise Saint-Collodan<br \/>\nTr\u00e9m\u00e9nac\u2019h en Plouguerneau, chapelle d\u2019Iliz-Kozh<br \/>\nPlouhinec, \u00e9glise Saint-Vinoc<br \/>\nPoulgoazec en Plouhinec, \u00e9glise Saint-Julien<br \/>\nBerven en Plouz\u00e9v\u00e9d\u00e9, chapelle Notre-Dame-de-Berven<br \/>\nPont-l\u2019Abb\u00e9, \u00e9glise Saint-Jacques de Lambourg<br \/>\nPoullan-sur-Mer, \u00e9glise Saint-Cadouan<br \/>\nPrimelin, \u00e9glise Saint-Primel<br \/>\nRoscoff, maison particuli\u00e8re<br \/>\nRoscoff, chapelle Saint-Nicolas<br \/>\nRoscoff, chapelle Sainte-Brigitte<br \/>\nRoscoff, \u00e9glise Notre-Dame de Kroaz-Batz<\/p>\n","protected":false},"excerpt":{"rendered":"<p>par Jean-Pierre Blaise &amp; Olivier Cousin Pr\u00e9face de Josick Peuziat \u00c0 travers estampes en taille douce, po\u00e8mes, photographies et notices techniques, entre r\u00eaverie et inventaire patrimonial, Jean-Pierre Blaise et Olivier Cousin vous invitent \u00e0 d\u00e9couvrir la richesse des navires sculpt\u00e9s sur les \u00e9di\ufb01ces du littoral breton.\u2028 Contient 27 reproductions de gravures en noir &amp; blanc [&hellip;]<\/p>\n","protected":false},"author":1,"featured_media":0,"comment_status":"closed","ping_status":"open","sticky":false,"template":"","format":"standard","meta":{"footnotes":""},"categories":[4],"tags":[16,10,12,15],"class_list":["post-78","post","type-post","status-publish","format-standard","hentry","category-poesie","tag-architecture","tag-bretagne","tag-histoire","tag-poesie-2"],"_links":{"self":[{"href":"http:\/\/www.editions-label-ln.com\/index.php?rest_route=\/wp\/v2\/posts\/78","targetHints":{"allow":["GET"]}}],"collection":[{"href":"http:\/\/www.editions-label-ln.com\/index.php?rest_route=\/wp\/v2\/posts"}],"about":[{"href":"http:\/\/www.editions-label-ln.com\/index.php?rest_route=\/wp\/v2\/types\/post"}],"author":[{"embeddable":true,"href":"http:\/\/www.editions-label-ln.com\/index.php?rest_route=\/wp\/v2\/users\/1"}],"replies":[{"embeddable":true,"href":"http:\/\/www.editions-label-ln.com\/index.php?rest_route=%2Fwp%2Fv2%2Fcomments&post=78"}],"version-history":[{"count":16,"href":"http:\/\/www.editions-label-ln.com\/index.php?rest_route=\/wp\/v2\/posts\/78\/revisions"}],"predecessor-version":[{"id":1021,"href":"http:\/\/www.editions-label-ln.com\/index.php?rest_route=\/wp\/v2\/posts\/78\/revisions\/1021"}],"wp:attachment":[{"href":"http:\/\/www.editions-label-ln.com\/index.php?rest_route=%2Fwp%2Fv2%2Fmedia&parent=78"}],"wp:term":[{"taxonomy":"category","embeddable":true,"href":"http:\/\/www.editions-label-ln.com\/index.php?rest_route=%2Fwp%2Fv2%2Fcategories&post=78"},{"taxonomy":"post_tag","embeddable":true,"href":"http:\/\/www.editions-label-ln.com\/index.php?rest_route=%2Fwp%2Fv2%2Ftags&post=78"}],"curies":[{"name":"wp","href":"https:\/\/api.w.org\/{rel}","templated":true}]}}